{"provider_url": "https://www.goiana.mg.leg.br", "title": "Alagamentos em Goian\u00e1", "html": "<h2 style=\"text-align: justify; \"><b>Alagamentos em Goian\u00e1: vereadores se re\u00fanem com prefeito para debater solu\u00e7\u00f5es e medidas preventivas</b></h2>\r\n<p style=\"text-align: justify; \"><em>Jornalista Respons\u00e1vel: Patr\u00edcia Lanini | Registro: 0018950/MG</em></p>\r\n<p class=\" \">Na manh\u00e3 desta segunda-feira, 11, os vereadores de Goian\u00e1 se reuniram com o prefeito Estevinho para debater medidas capazes de minimizar os danos causados pelos alagamentos que atingiram o munic\u00edpio no \u00faltimo final de semana.</p>\r\n<p class=\" \">Ap\u00f3s levantamento das \u00e1reas mais atingidas, os vereadores anunciaram a cria\u00e7\u00e3o de um canal exclusivo da C\u00e2mara Municipal para atendimento \u00e0s fam\u00edlias que estiverem precisando de apoio material (alimentos e roupas) e tamb\u00e9m para aquelas que necessitarem de apoio log\u00edstico para remo\u00e7\u00e3o de m\u00f3veis e outros pertences.</p>\r\n<p class=\" \">O prefeito Estevinho informou a total disponibilidade da prefeitura para apoio a essas demandas, al\u00e9m da possibilidade de abrigo tempor\u00e1rio \u00e0s fam\u00edlias que estiverem impossibilitadas de permanecer em suas casas.</p>\r\n<p class=\" \" style=\"text-align: justify; \">\u00a0</p>\r\n<h3><b>Medidas preventivas:</b></h3>\r\n<p class=\" \" style=\"text-align: justify; \">Na ocasi\u00e3o, os vereadores abordaram a necessidade de medidas preventivas para minimizar impactos em outras ocorr\u00eancias de alto volume de chuvas, como a limpeza permanente dos cursos d\u2019\u00e1gua, bocas de lobo e manilhamento de pontos espec\u00edficos para facilitar o escoamento do fluxo.</p>\r\n<p class=\" \" style=\"text-align: justify; \">\u00a0</p>\r\n<p class=\" \" style=\"text-align: justify; \">Se voc\u00ea precisa de ajuda, entre em contato com a Ouvidoria da C\u00e2mara Municipal:</p>\r\n<p style=\"text-align: justify; \"><strong>WhatsApp:</strong> (32) 3274-5301</p>\r\n<p style=\"text-align: justify; \"><strong>Ouvidoria:</strong> <a href=\"https://l.facebook.com/l.php?u=https%3A%2F%2Fbit.ly%2F3bs9fW4%3Ffbclid%3DIwAR2bztKwW1GmIIRpDGJ7UKUYo0FV-KoMNhxgKApGRqqbMtuIHl6LlvwK7s0&amp;h=AT11jgfx9uAHD5OgJc2Md_Jwm4AkQ5iXDtlog2b03Ty2sikc6pQc8MzaWOu5hucslU14o9x8nbhzOURnq7KaB2DqRiZ4ZP8dtu1PjL_dlgjvbDNZA1ekEkbavZdzzw6JzUtrjliVDh51s5hCYOyb&amp;__tn__=-UK-R&amp;c%5b0%5d=AT11ZMn6MfvOyZN_lA9yMyXOjm_M-NR62pX2OOtKyMa3S2cMwYaHipzj15J8OFMyJ8ltzyLhjOPfKG71zjMwcwXaFeSahaFFfPrhvw4Cpy6BwYC9GCZ7uPcSEaNpa0Gg2yFafNN-NaI4qm4avXNHAFL6XSYvqCx_wmlU6FwnErQJeCdTJ1QuhGDIOzJ_SuTuQMEF1PqDclKrh0RhHcbZ\" target=\"_blank\">https://bit.ly/3bs9fW4</a></p>\r\n<p style=\"text-align: left; \">\u00a0</p>\r\n<h3 style=\"text-align: center; \">Galeria de fotos:</h3>\r\n<table class=\"invisible\">\r\n<tbody>\r\n<tr><th><img src=\"https://www.goiana.mg.leg.br/arquivos/arquivos-2021/imagens-21/20210111-05.jpg/@@images/1806fbe0-81d4-489c-9bda-b6dceaeac579.jpeg\" alt=\"20210111 (05).JPG\" class=\"image-inline\" title=\"20210111 (05).JPG\" /></th><th><img src=\"https://www.goiana.mg.leg.br/arquivos/arquivos-2021/imagens-21/20210111-04.jpg/@@images/53f30fb7-cf79-4a33-ade7-b9654032c4d2.jpeg\" alt=\"20210111 (04).JPG\" class=\"image-inline\" title=\"20210111 (04).JPG\" /></th></tr>\r\n<tr>\r\n<td><img src=\"https://www.goiana.mg.leg.br/arquivos/arquivos-2021/imagens-21/20210111-02.jpg/@@images/89e1883b-471a-4f67-b104-26aefd562b08.jpeg\" alt=\"20210111 (02).JPG\" class=\"image-inline\" title=\"20210111 (02).JPG\" /></td>\r\n<td><img src=\"https://www.goiana.mg.leg.br/arquivos/arquivos-2021/imagens-21/20210111-03.jpg/@@images/2753d95c-2c6b-49b5-8696-74698abfbef0.jpeg\" alt=\"20210111 (03).JPG\" class=\"image-inline\" title=\"20210111 (03).JPG\" /></td>\r\n</tr>\r\n</tbody>\r\n</table>\r\n<p>\u00a0</p>\r\n<p>\u00a0</p>\r\n<p>\u00a0</p>\r\n<p>\u00a0</p>\r\n<p>\u00a0</p>", "author_name": "Administrativo da C\u00e2mara Municipal de Goian\u00e1", "version": "1.0", "author_url": "https://www.goiana.mg.leg.br/author/Administrativo da C\u00e2mara Municipal de Goian\u00e1", "provider_name": "C\u00e2mara Municipal de Goian\u00e1", "type": "rich"}