{"provider_url": "https://www.goiana.mg.leg.br", "title": "C\u00e2mara adesiva ve\u00edculo oficial", "html": "<div dir=\"auto\">\r\n<div class=\"ecm0bbzt hv4rvrfc ihqw7lf3 dati1w0a\" id=\"jsc_c_2o\" data-ad-comet-preview=\"message\" data-ad-preview=\"message\">\r\n<div class=\"j83agx80 cbu4d94t ew0dbk1b irj2b8pg\">\r\n<div class=\"qzhwtbm6 knvmm38d\">\r\n<div class=\"kvgmc6g5 cxmmr5t8 oygrvhab hcukyx3x c1et5uql ii04i59q\">\r\n<div dir=\"auto\" style=\"text-align: justify; \">A gest\u00e3o da C\u00e2mara Municipal de Goian\u00e1, em busca de transpar\u00eancia e publicidade de seus atos e atividades, providenciou a afixa\u00e7\u00e3o de adesivos institucionais em seu ve\u00edculo oficial.</div>\r\n</div>\r\n<div dir=\"auto\" style=\"text-align: justify; \"></div>\r\n<div dir=\"auto\" style=\"text-align: justify; \"></div>\r\n<div class=\"o9v6fnle cxmmr5t8 oygrvhab hcukyx3x c1et5uql ii04i59q\">\r\n<div dir=\"auto\" style=\"text-align: justify; \">A atitude buscar facilitar a identifica\u00e7\u00e3o da popula\u00e7\u00e3o quanto ao uso deste bem p\u00fablico, que \u00e9 um bem de todos e encontra-se sobre a responsabilidade dessa Casa Legislativa.</div>\r\n</div>\r\n</div>\r\n</div>\r\n</div>\r\n</div>", "author_name": "Administrativo da C\u00e2mara Municipal de Goian\u00e1", "version": "1.0", "author_url": "https://www.goiana.mg.leg.br/author/Administrativo da C\u00e2mara Municipal de Goian\u00e1", "provider_name": "C\u00e2mara Municipal de Goian\u00e1", "type": "rich"}