{"provider_url": "https://www.goiana.mg.leg.br", "title": "C\u00e2mara vota proposi\u00e7\u00f5es com foco em infraestrutura urbana e qualidade de servi\u00e7os p\u00fablicos", "html": "<h2><b>C\u00c2MARA VOTA PROPOSI\u00c7\u00d5ES COM FOCO EM INFRAESTRUTURA URBANA E QUALIDADE DE SERVI\u00c7OS P\u00daBLICOS</b></h2>\r\n<p><i>Jornalista Respons\u00e1vel: Patr\u00edcia Lanini | Registro: 0018950/MG</i></p>\r\n<p style=\"text-align: justify; \">Na \u00faltima segunda-feira, 08, os vereadores que comp\u00f5e a C\u00e2mara de Goian\u00e1 discutiram, em reuni\u00e3o ordin\u00e1ria, proposi\u00e7\u00f5es com foco em melhoria de infraestrutura urbana, qualidade de servi\u00e7os p\u00fablicos - como o fornecimento de energia el\u00e9trica, \u00e1gua e telefonia m\u00f3vel \u2013 al\u00e9m de outras melhorias como limpeza de c\u00f3rregos e capta\u00e7\u00e3o de \u00e1guas pluviais. Entre as proposi\u00e7\u00f5es, destacamos:</p>\r\n<p style=\"text-align: justify; \"><b>Infraestrutura Urbana</b></p>\r\n<p style=\"text-align: justify; \">Com autoria dos vereadores Aline Flausino (PCdoB), Diego Barboza (DEM), Douglas Silva (PDT), Jorge Lanini (Solidariedade), In\u00e1cio Marques (Solidariedade) e Samuel Ciconeli (PSD):</p>\r\n<ul style=\"text-align: justify; \">\r\n<li>Servi\u00e7o de manuten\u00e7\u00e3o do sistema de capta\u00e7\u00e3o de \u00e1guas pluviais em toda a extens\u00e3o da Avenida 21 de Dezembro;</li>\r\n<li>Limpeza dos c\u00f3rregos que passam pela cidade, em especial o curso que passa no Povoado dos Dias, corta a Avenida 21 de Dezembro e os que passam pelos bairros Progresso e Castelo;</li>\r\n<li>Instala\u00e7\u00e3o de quebra-molas na rua Norberto Lima de Assis, na altura do n\u00famero 350;</li>\r\n<li>Revitaliza\u00e7\u00e3o e/ou reinstala\u00e7\u00e3o das placas de denomina\u00e7\u00e3o de ruas e logradouros p\u00fablicos.</li>\r\n</ul>\r\n<p style=\"text-align: justify; \">\u00a0Com autoria do Vereador Lu\u00eds Cl\u00e1udio (PTB):</p>\r\n<ul style=\"text-align: justify; \">\r\n<li>Manuten\u00e7\u00e3o e melhoria de estradas rurais de Goian\u00e1, em especial no trecho entre o s\u00edtio do Jorge Cacheiro at\u00e9 o in\u00edcio da Fazenda PQA;</li>\r\n<li>Placas de indica\u00e7\u00e3o de velocidade na MG-353;</li>\r\n<li>Interven\u00e7\u00f5es de cal\u00e7amento, ilumina\u00e7\u00e3o p\u00fablica, capta\u00e7\u00e3o de \u00e1gua pluvial, limpeza e poda nas ruas Adjalma Canedo, Jos\u00e9 Martinho Ribeiro, Jo\u00e3o Canedo, Lu\u00eds Braz Guedes, Carlos Rodrigues de Souza, Ant\u00e1lcidas Valle de Rezende, Jos\u00e9 Ant\u00f4nio Ribeiro e Altino Joaquim Sanches, nas vias do bairro Shangri-l\u00e1, na Capoeirinha, no Assentamento Denis Gon\u00e7alves, Povoado dos Dias, Carangola e Barra;</li>\r\n<li>Instala\u00e7\u00e3o de Placas de sinaliza\u00e7\u00e3o e melhorias de ilumina\u00e7\u00e3o p\u00fablica no Distrito Industrial de Goian\u00e1;</li>\r\n<li>Retomada de reforma na Quadra da Unidos;</li>\r\n<li>Manuten\u00e7\u00e3o de brinquedos, melhorias de ilumina\u00e7\u00e3o p\u00fablica e manuten\u00e7\u00e3o na Pra\u00e7a Ant\u00f4nio Tarc\u00edsio Teixeira, no bairro Progresso;</li>\r\n<li>Reforma do im\u00f3vel onde est\u00e1 localizado o SAMU.</li>\r\n</ul>\r\n<p style=\"text-align: justify; \">\u00a0Com autoria do Vereador Samuel Ciconeli (PSD):</p>\r\n<ul style=\"text-align: justify; \">\r\n<li>Reabertura do acesso da estrada rural entre Goian\u00e1 e Rio Novo, passando pela Fazenda Uni\u00e3o;</li>\r\n<li>Abertura de novo acesso interligando o Bairro Alto da Boa Vista com o Bairro Progresso.</li>\r\n</ul>\r\n<p style=\"text-align: justify; \">\u00a0Com autoria da presidente da Casa Aline Flausino (PCdoB):</p>\r\n<ul style=\"text-align: justify; \">\r\n<li>Instala\u00e7\u00e3o de boca de lobo na rua Ant\u00f4nio Martins Mata, no Bairro Castelo, pr\u00f3ximo \u00e0 resid\u00eancia do senhor Calmo Dias Ribeiro, al\u00e9m de instala\u00e7\u00e3o de placa indicando o nome da respectiva rua.</li>\r\n</ul>\r\n<p style=\"text-align: justify; \">\u00a0Com autoria do vereador Paulo Dib - Pelinha (Solidariedade):</p>\r\n<ul style=\"text-align: justify; \">\r\n<li>Manuten\u00e7\u00e3o das depend\u00eancias e da Quadra Poliesportiva do bairro Nossa Senhora Aparecida;</li>\r\n<li>Manuten\u00e7\u00e3o de estrada rural da Barra, com in\u00edcio no trecho onde est\u00e1 conclu\u00eddo o cal\u00e7amento e finaliza\u00e7\u00e3o pr\u00f3ximo ao restaurante Cantinho do C\u00e9u, na divisa de Goian\u00e1 com o munic\u00edpio de Piau.</li>\r\n</ul>\r\n<p style=\"text-align: justify; \">\u00a0</p>\r\n<p style=\"text-align: justify; \"><b>Servi\u00e7os P\u00fablicos</b></p>\r\n<p style=\"text-align: justify; \">Com autoria dos vereadores Aline Flausino (PCdoB), Diego Barboza (DEM), Douglas Silva (PDT), Jorge Lanini (Solidariedade), In\u00e1cio Marques (Solidariedade) e Samuel Ciconeli (PSD):</p>\r\n<ul style=\"text-align: justify; \">\r\n<li>Solicita\u00e7\u00e3o das c\u00f3pias de todos os documentos referentes ao processo de contrata\u00e7\u00e3o e contrato firmado com a Concession\u00e1ria Copasa;</li>\r\n</ul>\r\n<p style=\"text-align: justify; \">\u00a0Com autoria da presidente Aline Flausino (PCdoB):</p>\r\n<ul style=\"text-align: justify; \">\r\n<li>Cria\u00e7\u00e3o do Conselho Municipal dos Direitos da Mulher.</li>\r\n</ul>\r\n<p style=\"text-align: justify; \">\u00a0Com autoria do vereador Samuel Ciconeli (PSD):</p>\r\n<ul style=\"text-align: justify; \">\r\n<li>Instala\u00e7\u00e3o de nobreak ou sistema de gera\u00e7\u00e3o de energia el\u00e9trica pr\u00f3prio de forma que o sinal de telefonia e de internet sejam sustentados por pelo menos 48 horas mesmo quando ocorrer suspens\u00e3o da energia por parte da CEMIG.</li>\r\n</ul>\r\n<p style=\"text-align: justify; \">\u00a0Com autoria do vereador Lu\u00eds Claudio (PTB):</p>\r\n<ul style=\"text-align: justify; \">\r\n<li>Retomada das cirurgias de catarata, priorizando os pacientes j\u00e1 inscritos na lista de espera.</li>\r\n</ul>\r\n<p style=\"text-align: justify; \">\u00a0Com autoria do vereador Paulo Dib - Pelinha (Solidariedade):</p>\r\n<ul style=\"text-align: justify; \">\r\n<li>Solicita ao prefeito estudo t\u00e9cnico demonstrando o efetivo fornecimento de energia el\u00e9trica a fim de identificar as raz\u00f5es das quedas e mapear medidas corretivas.</li>\r\n</ul>\r\n<p style=\"text-align: justify; \">\u00a0Com autoria dos vereadores Paulo Dib - Pelinha (Solidariedade) e Paulo Toledo (PTB):</p>\r\n<ul style=\"text-align: justify; \">\r\n<li>Solicita justificativa por parte do prefeito de Goian\u00e1 acerca de ainda n\u00e3o ter ocorrido o encaminhamento do recurso financeiro junto ao Governo do Estado em favor da Escola Estadual Tolomeu Casali.</li>\r\n</ul>\r\n<p style=\"text-align: justify; \">\u00a0Durante a vota\u00e7\u00e3o, foram rejeitados dois requerimentos de autoria do vereador Paulo Dib - Pelinha, que propunham a cria\u00e7\u00e3o de cinco novas vagas de oper\u00e1rio de m\u00e1quinas e tr\u00eas novas vagas de pedreiro no quadro de servidores da Prefeitura. Conforme parecer das comiss\u00f5es, as proposi\u00e7\u00f5es foram reprovadas providencialmente a fim de que novas contrata\u00e7\u00f5es sejam baseadas em efetiva necessidade por parte da prefeitura.</p>\r\n<p><b><br /></b></p>\r\n<p><b>Palavra- Livre</b></p>\r\n<p style=\"text-align: justify; \"><a title=\"\" href=\"https://www.goiana.mg.leg.br/arquivos/arquivos-2021/imagens-21/so-2021-02-08-2.jpg\" class=\"internal-link\" target=\"_self\"><img src=\"https://www.goiana.mg.leg.br/arquivos/arquivos-2021/imagens-21/so-2021-02-08-2.jpg/@@images/9eb2809a-e0fd-48bf-a87d-7ed5c3ee746a.jpeg\" style=\"float: left; \" title=\"SO-2021-02-08 (2).jpg\" class=\"image-inline\" alt=\"SO-2021-02-08 (2).jpg\" /></a>Durante a palavra-livre, o vereador Paulo Dib - Pelinha (Solidariedade) justificou requerimentos de sua autoria, enfatizando quest\u00f5es referentes \u00e0 identifica\u00e7\u00e3o de problemas nos servi\u00e7os prestados pela CEMIG em Goian\u00e1 e a possibilidade da troca de todas as lumin\u00e1rias por l\u00e2mpadas LED a fim de promover economia financeira para a cidade. Al\u00e9m disso, explicou que os requerimentos referentes \u00e0s vagas para opera\u00e7\u00e3o de m\u00e1quinas t\u00eam como objetivo tornar o operador respons\u00e1vel pelos danos causados ao equipamento utilizado por ele.\u00a0</p>\r\n<p style=\"text-align: justify; \">Em seguida, o vereador Jorge Lanini (Solidariedade) relatou que o mapeamento do fornecimento de energia el\u00e9trica j\u00e1 est\u00e1 em andamento e que o presidente da CEMIG se comprometeu, em reuni\u00e3o realizada na semana anterior, a deslocar equipe para avaliar todas as condi\u00e7\u00f5es da rede que atende o munic\u00edpio, considerando o laudo j\u00e1 realizado por engenheiro el\u00e9trico.</p>\r\n<p style=\"text-align: justify; \">Lanini tamb\u00e9m enfatizou que est\u00e1 em andamento a capta\u00e7\u00e3o de recursos, por meio de emendas parlamentares, para financiamento de usina de energia fotovoltaica \u2013 que possibilitar\u00e1 economia de cerca de R$15 mil por m\u00eas- e tamb\u00e9m para implanta\u00e7\u00e3o de f\u00e1brica de blocos, bloquetes e manilhas para a prefeitura, tornando o munic\u00edpio autossustent\u00e1vel nas demandas relacionadas a cal\u00e7amento e pavimenta\u00e7\u00e3o de ruas.</p>\r\n<p style=\"text-align: justify; \">Lu\u00eds Cl\u00e1udio (PTB) abordou a necessidade de trabalho conjunto com outros munic\u00edpios para a reabertura do Hospital Jo\u00e3o Penido e para a retomada das obras do Hospital Regional.</p>\r\n<p style=\"text-align: justify; \">O vereador Douglas da Silva (PDT) solicitou ao vereador Paulo Dib - Pelinha (Solidariedade) relat\u00f3rio de custos referentes ao projeto CAC, proposto pelo vereador, e que se encontra em an\u00e1lise por parte das comiss\u00f5es. Citou, ainda, discord\u00e2ncia sobre a abertura de novas vagas conforme requerimentos apresentados por Paulo apontando a necessidade de manuten\u00e7\u00e3o das m\u00e1quinas j\u00e1 existentes no munic\u00edpio.</p>\r\n<p style=\"text-align: justify; \">Por fim, o vereador Diego Barboza (PTB) informou que os servi\u00e7os prestados por empresa de zeladoria em Goian\u00e1 est\u00e3o suspensos. Salientou, ainda, discordar da cria\u00e7\u00e3o de novas vagas para opera\u00e7\u00e3o de m\u00e1quinas, apontando a necessidade de recupera\u00e7\u00e3o das m\u00e1quinas j\u00e1 utilizadas pela Prefeitura em um primeiro momento.</p>", "author_name": "Administrativo da C\u00e2mara Municipal de Goian\u00e1", "version": "1.0", "author_url": "https://www.goiana.mg.leg.br/author/Administrativo da C\u00e2mara Municipal de Goian\u00e1", "provider_name": "C\u00e2mara Municipal de Goian\u00e1", "type": "rich"}