{"provider_url": "https://www.goiana.mg.leg.br", "title": "Elei\u00e7\u00e3o da Mesa Diretora 2022", "html": "<p style=\"text-align: justify; \">A C\u00e2mara Municipal de Goian\u00e1 realizou ontem, 13/12, a \u00faltima reuni\u00e3o ordin\u00e1ria da Sess\u00e3o Legislativa do ano de 2021. Na oportunidade os vereadores desta Casa de Leis teceram suas considera\u00e7\u00f5es acerca do trabalho exercido ao longo do ano de 2021, aproveitando o ensejo agradeceram aos demais parlamentares todo o empenho que tiveram durante o ano de 2021, agradeceram ao Poder Executivo pelo apoio e finalizaram agradecendo toda equipe de servidores da C\u00e2mara e da Prefeitura de Goian\u00e1.<br /><br />Ao final dos trabalhos da noite, os parlamentares realizaram a elei\u00e7\u00e3o da Mesa Diretora 2022 contando com apenas uma chapa, que obteve, em voto aberto, o apoio de todos os parlamentares. Dessa forma est\u00e1 ser\u00e1 a forma\u00e7\u00e3o da Mesa Diretora para a gest\u00e3o do Ano Legislativo de 2022:<br /><br />Presidente: Jorge Lanini (SOLIDARIEDADE)<br />Vice-Presidente: Douglas Concei\u00e7\u00e3o (PDT)<br />1\u00ba Secret\u00e1ria: Aline Flausino (PCdoB)<br />2\u00ba Secret\u00e1rio: Samuel Ciconeli (PSD)<br /><br /><br />A reuni\u00e3o pode ser assistida na \u00edntegra na p\u00e1gina oficial da C\u00e2mara Municipal de Goian\u00e1 no Facebook: www.facebook.com/camaragoiana</p>\r\n<p style=\"text-align: justify; \">\u00a0</p>\r\n<p style=\"text-align: justify; \">Galeria de Imagens:</p>\r\n<table class=\"listing\">\r\n<tbody>\r\n<tr><th><a class=\"external-link\" href=\"http://www.goiana.mg.leg.br/arquivos-2021/imagens-21/whatsapp-image-2021-12-13-at-21-26-56.jpeg/image_view_fullscreen\" target=\"_self\" title=\"\"><img src=\"https://www.goiana.mg.leg.br/arquivos/arquivos-2021/imagens-21/whatsapp-image-2021-12-13-at-21-26-56.jpeg/@@images/88cc99e3-433c-4827-81c3-fee1ed3261b8.jpeg\" alt=\"WhatsApp Image 2021-12-13 at 21.26.56.jpeg\" class=\"image-inline\" title=\"WhatsApp Image 2021-12-13 at 21.26.56.jpeg\" /></a></th><th><a class=\"external-link\" href=\"http://www.goiana.mg.leg.br/arquivos-2021/imagens-21/img_20211213_194032.jpg/image_view_fullscreen\" target=\"_self\" title=\"\"><img src=\"https://www.goiana.mg.leg.br/arquivos/arquivos-2021/imagens-21/img_20211213_194032.jpg/@@images/255b96f5-45cc-4cfd-a12b-5a00fc93cd33.jpeg\" alt=\"IMG_20211213_194032.jpg\" class=\"image-inline\" title=\"IMG_20211213_194032.jpg\" /></a></th><th><a class=\"external-link\" href=\"http://www.goiana.mg.leg.br/arquivos-2021/imagens-21/img_20211213_193901.jpg/image_view_fullscreen\" target=\"_self\" title=\"\"><img src=\"https://www.goiana.mg.leg.br/arquivos/arquivos-2021/imagens-21/img_20211213_193901.jpg/@@images/4d935fe6-db02-4891-bc2b-9fe15440622b.jpeg\" alt=\"IMG_20211213_193901.jpg\" class=\"image-inline\" title=\"IMG_20211213_193901.jpg\" /></a></th></tr>\r\n</tbody>\r\n</table>", "author_name": "Administrativo da C\u00e2mara Municipal de Goian\u00e1", "version": "1.0", "author_url": "https://www.goiana.mg.leg.br/author/Administrativo da C\u00e2mara Municipal de Goian\u00e1", "provider_name": "C\u00e2mara Municipal de Goian\u00e1", "type": "rich"}