{"provider_url": "https://www.goiana.mg.leg.br", "title": "Recesso Parlamentar", "html": "<p style=\"text-align: justify; \">A C\u00e2mara Municipal de Goian\u00e1, por meio de sua Presidente, Vereadora Aline Flausino, comunica que inicia o recesso parlamentar a partir do dia 05/07/2021 at\u00e9 31/07/2021, em obedi\u00eancia ao art. 15, inciso I, do Regimento Interno da C\u00e2mara Municipal de Goian\u00e1, que disp\u00f5e \"Art. 15. A Sess\u00e3o Legislativa da C\u00e2mara \u00e9: I - Ordin\u00e1ria, a que, independentemente de convoca\u00e7\u00e3o, se realiza nos dois per\u00edodos de funcionamento da C\u00e2mara Municipal em cada ano, de 15 de janeiro a 30 de junho e 01 de agosto a 15 de dezembro\". <br /><br />Esclarecemos que os Vereadores poder\u00e3o serem convocados para Sess\u00f5es Extraordin\u00e1rias caso haja mat\u00e9ria apresentada pelo Poder Executivo a ser apreciada em car\u00e1ter de urg\u00eancia. Os trabalhos legislativos ser\u00e3o retomados na Sess\u00e3o Ordin\u00e1ria do dia 02 de agosto de 2021.<br /><br />Comunicamos, ainda, que durante o recesso parlamentar, a rotina t\u00e9cnico-administrativa continuar\u00e1 sendo realizada pelos Servidores desta Casa de Leis, em seu hor\u00e1rio habitual, de segunda a sexta-feira, das 08:00 \u00e0s 17:00 horas.</p>", "author_name": "", "version": "1.0", "author_url": "https://www.goiana.mg.leg.br/author/adm", "provider_name": "C\u00e2mara Municipal de Goian\u00e1", "type": "rich"}