{"provider_url": "https://www.goiana.mg.leg.br", "title": "Visita Parlamentar", "html": "<div class=\"xdj266r x14z9mp xat24cr x1lziwak x1vvkbs x126k92a\">\r\n<div dir=\"auto\" style=\"text-align: justify; \">A C\u00e2mara Municipal de Goian\u00e1, recebeu em sua sede, no dia 06/04, o Deputado Estadual Professor Wendel Mesquita. No evento estiveram presente o Prefeito Municipal de <span class=\"html-span xdj266r x14z9mp xat24cr x1lziwak xexx8yu xyri2b x18d9i69 x1c1uobl x1hl2dhg x16tdsg8 x1vvkbs\"><a class=\"html-a xdj266r x14z9mp xat24cr x1lziwak xexx8yu xyri2b x18d9i69 x1c1uobl x1hl2dhg x16tdsg8 x1vvkbs\" tabindex=\"-1\"></a></span>Goian\u00e1, Vereadores da C\u00e2mara de Goian\u00e1, o Presidente do sindicato dos servidores de Goian\u00e1, representantes da Associa\u00e7\u00e3o AFAGO, representantes das \u00e1rea esportiva do munic\u00edpio de Goian\u00e1 e membros da sociedade civil de Goian\u00e1.</div>\r\n<div dir=\"auto\" style=\"text-align: justify; \"></div>\r\n</div>\r\n<div class=\"x14z9mp xat24cr x1lziwak x1vvkbs xtlvy1s x126k92a\">\r\n<div dir=\"auto\" style=\"text-align: justify; \">O encontro pautou-se em um bate papo entre estes diversos n\u00facleos de nosso munic\u00edpio a fim de apresentar ao Deputado Prof. Wendel as demandas de nosso munic\u00edpio e a possibilidade de concess\u00e3o de incentivos aos diversos pontos apresentados por estes grupos.</div>\r\n</div>", "author_name": "", "version": "1.0", "author_url": "https://www.goiana.mg.leg.br/author/adm", "provider_name": "C\u00e2mara Municipal de Goian\u00e1", "type": "rich"}