{"provider_url": "https://www.goiana.mg.leg.br", "title": "ACONTECIMENTOS M\u00caS DE MAIO", "html": "<p style=\"text-align: justify; \">\ud83d\udce3<strong> Resumo das reuni\u00f5es do m\u00eas na C\u00e2mara Municipal de Goian\u00e1!\u00a0</strong></p>\r\n<p style=\"text-align: justify; \">Durante o m\u00eas de maio, a C\u00e2mara Municipal de Goian\u00e1 realizou cinco importantes reuni\u00f5es ordin\u00e1rias para discutir quest\u00f5es relevantes para a nossa comunidade. Veja um resumo de cada encontro:</p>\r\n<ul>\r\n<li><strong>Reuni\u00e3o Ordin\u00e1ria - 02/05:</strong> Nessa primeira reuni\u00e3o ordin\u00e1ria, foram abordados temas de interesse p\u00fablico, com o objetivo de promover o desenvolvimento e o bem-estar da nossa cidade.</li>\r\n<li><strong>Reuni\u00e3o Ordin\u00e1ria - 08/05:</strong> Na segunda reuni\u00e3o ordin\u00e1ria do m\u00eas, diversos assuntos relevantes para a comunidade foram discutidos, buscando melhorias em todas as \u00e1reas de nosso munic\u00edpio.</li>\r\n<li><strong>Reuni\u00e3o Ordin\u00e1ria - 15/05:</strong> Nesse terceiro encontro, foram debatidas quest\u00f5es importantes para a comunidade, visando promover o crescimento sustent\u00e1vel e a qualidade de vida em Goian\u00e1.</li>\r\n<li><strong>Reuni\u00e3o Ordin\u00e1ria - 22/05:</strong> Na quarta reuni\u00e3o ordin\u00e1ria, foram abordados assuntos cruciais para o desenvolvimento econ\u00f4mico e social da nossa cidade.</li>\r\n<li><strong>Reuni\u00e3o Ordin\u00e1ria - 29/05:</strong> Na \u00faltima reuni\u00e3o ordin\u00e1ria do m\u00eas, foram discutidas medidas para fortalecer nosso munic\u00edpio de Goian\u00e1.</li>\r\n</ul>\r\n<p style=\"text-align: justify; \"><span>Al\u00e9m das reuni\u00f5es ordin\u00e1rias, a C\u00e2mara realizou dois semin\u00e1rios destinado aos jovens estudantes do ensino m\u00e9dio do munic\u00edpio de Goian\u00e1 que est\u00e3o participando do Projeto Parlamento Jovem 2023.</span></p>\r\n<ul>\r\n<li><strong>Semin\u00e1rio PJ2023 - 03/05:</strong> O palestrante convidado, Dr. Francisco Belgo, trouxe insights e reflex\u00f5es importantes sobre o tema, e os estudantes puderam compartilhar suas experi\u00eancias e aprendizados sobre pol\u00edtica e cidadania. Foi uma oportunidade \u00fanica para os jovens aprenderem e debaterem sobre um assunto fundamental para o desenvolvimento da cidadania consciente e cr\u00edtica.</li>\r\n<li><strong>Semin\u00e1rio PJ2023 - 24/05:</strong> Esse semin\u00e1rio contou com a presen\u00e7a de representantes do SEBRAE e da RESERVA RH, que apresentadas quest\u00f5es relacionadas \u00e0 inser\u00e7\u00e3o no mercado de trabalho e ao empreendedorismo, proporcionando aos jovens uma vis\u00e3o enriquecedora sobre esses temas t\u00e3o importantes para o futuro.</li>\r\n</ul>\r\n<p style=\"text-align: justify; \">A C\u00e2mara Municipal de Goian\u00e1 continua comprometida em representar os interesses da comunidade e promover o desenvolvimento de nossa cidade. Acompanhe nossas redes sociais para ficar por dentro das pr\u00f3ximas reuni\u00f5es e eventos, e participe ativamente do progresso de Goian\u00e1!</p>", "author_name": "", "version": "1.0", "author_url": "https://www.goiana.mg.leg.br/author/adm", "provider_name": "C\u00e2mara Municipal de Goian\u00e1", "type": "rich"}