{"provider_url": "https://www.goiana.mg.leg.br", "title": "IN\u00cdCIO DAS SESS\u00d5ES ORDIN\u00c1RIAS", "html": "<p style=\"text-align: justify; \">Os Vereadores, reunidos na C\u00e2mara Municipal de Goian\u00e1, retomaram ontem, 06/02, as Sess\u00f5es Ordin\u00e1rias, iniciando os trabalhos do Ano Legislativo de 2023.</p>\r\n<p style=\"text-align: justify; \">Estiveram presentes nesta reuni\u00e3o todos os parlamentares que comp\u00f5em nosso corpo legislativo, o Assessor Jur\u00eddico e os servidores desta Casa de Leis para a realiza\u00e7\u00e3o desta sess\u00e3o.</p>\r\n<p style=\"text-align: justify; \">A longo da noite os parlamentares realizaram suas considera\u00e7\u00f5es e debateram os principais assuntos pertinentes ao munic\u00edpio de Goian\u00e1 durante a \"Palavra Livre\", ao seu t\u00e9rmino, o Presidente apresentou a \"Ordem do Dia\" procedendo com a vota\u00e7\u00e3o das mat\u00e9rias legislativas aptas a tal e o encaminhamento das demais mat\u00e9rias para aprecia\u00e7\u00e3o das Comiss\u00f5es Permanentes desta Casa Leis.</p>\r\n<p style=\"text-align: justify; \">A composi\u00e7\u00e3o da Mesa Diretora, das Comiss\u00f5es Permanentes, das Mat\u00e9rias Legislativas discutidas e tramitadas nesta casa podem ser conferidas em nosso site: www.goiana.mg.leg.br.</p>\r\n<p style=\"text-align: justify; \">As Sess\u00f5es Ordin\u00e1rias ocorrem todas as segundas-feiras, \u00e0s 19:00, sempre abertas \u00e0 participa\u00e7\u00e3o do p\u00fablico e para os que n\u00e3o puderem comparecer, informamos que as sess\u00f5es s\u00e3o transmitidas em nossa p\u00e1gina do Facebook.</p>", "author_name": "", "version": "1.0", "author_url": "https://www.goiana.mg.leg.br/author/adm", "provider_name": "C\u00e2mara Municipal de Goian\u00e1", "type": "rich"}