{"provider_url": "https://www.goiana.mg.leg.br", "title": "PARLAMENTO JOVEM 2023", "html": "<p style=\"text-align: justify; \">Ontem, 13/03, foi realizada a Sess\u00e3o Especial da C\u00e2mara Municipal de Goian\u00e1 para a Abertura do Parlamento Jovem 2023 em Goian\u00e1, com o tema Jovem e Mercado de Trabalho!\u00a0</p>\r\n<p style=\"text-align: justify; \">Em parceria com a Assembleia Legislativa do Estado de Minas Gerais, o programa conta com a participa\u00e7\u00e3o de alunos e professores da Escola Estadual Tolomeu Casali e da Escola Estadual Carlos Henrique Ribeiro dos Santos.</p>\r\n<p style=\"text-align: justify; \">Na Sess\u00e3o Especial, os jovens alunos receberam explica\u00e7\u00f5es e apresenta\u00e7\u00f5es da Vereadora Aline Flausino, coordenadora do projeto, do Presidente da C\u00e2mara Douglas Concei\u00e7\u00e3o, do Prefeito Estevam de Assis e dos professores das escolas participantes.</p>\r\n<p style=\"text-align: justify; \">Ao fim, os alunos debateram suas ideias e expectativas para o projeto. Estamos muito felizes em poder contribuir para o desenvolvimento dos jovens e de nossa cidade!</p>", "author_name": "", "version": "1.0", "author_url": "https://www.goiana.mg.leg.br/author/adm", "provider_name": "C\u00e2mara Municipal de Goian\u00e1", "type": "rich"}